{"id":12860,"date":"2016-02-05T09:46:09","date_gmt":"2016-02-05T08:46:09","guid":{"rendered":"https:\/\/www.femise.org\/?p=12860"},"modified":"2016-02-05T09:49:10","modified_gmt":"2016-02-05T08:49:10","slug":"interview-with-pr-patricia-augier-within-the-context-of-the-femise-annual-conference-2016-in-french","status":"publish","type":"post","link":"https:\/\/www.femise.org\/en\/slideshow-en\/interview-with-pr-patricia-augier-within-the-context-of-the-femise-annual-conference-2016-in-french\/","title":{"rendered":"Interview with Pr. Patricia AUGIER, within the context of the FEMISE Annual Conference 2016 (in french)"},"content":{"rendered":"<h1 style=\"text-align: justify;\"><span style=\"color: #3366ff;\">ENTRETIEN<\/span><\/h1>\n<dl id=\"attachment_12852\" class=\"wp-caption alignleft\" style=\"width: 165px;\">\n<dt class=\"wp-caption-dt\"><a href=\"https:\/\/www.femise.org\/wp-content\/uploads\/2016\/02\/pat-article-pic.jpg\"><img decoding=\"async\" loading=\"lazy\" class=\"  wp-image-12852\" src=\"https:\/\/www.femise.org\/wp-content\/uploads\/2016\/02\/pat-article-pic-300x300.jpg\" alt=\"pat article pic\" width=\"155\" height=\"155\" srcset=\"https:\/\/www.femise.org\/wp-content\/uploads\/2016\/02\/pat-article-pic-300x300.jpg 300w, https:\/\/www.femise.org\/wp-content\/uploads\/2016\/02\/pat-article-pic-150x150.jpg 150w, https:\/\/www.femise.org\/wp-content\/uploads\/2016\/02\/pat-article-pic.jpg 500w\" sizes=\"(max-width: 155px) 100vw, 155px\" \/><\/a><\/dt>\n<dd class=\"wp-caption-dd\">Patricia AUGIER, Pr\u00e9sidente du Comit\u00e9 Scientifique et Coordonnatrice du FEMISE, Economiste \u00e0 l&#8217;Institut de la M\u00e9diterran\u00e9e, Professeur \u00e0 Aix-Marseille Universit\u00e9.<\/dd>\n<\/dl>\n<p style=\"text-align: justify;\"><strong>Entretien avec Pr. Patricia AUGIER<\/strong><\/p>\n<p style=\"text-align: justify;\">(Pr\u00e9sidente du Comit\u00e9 Scientifique et Coordonnatrice du FEMISE, Economiste \u00e0 l&#8217;Institut de la M\u00e9diterran\u00e9e &#8211; IM, Professeur \u00e0 Aix-Marseille Universit\u00e9) dans le cadre de la prochaine <a href=\"https:\/\/www.femise.org\/slideshow\/a-venir-conference-femise-2016\/\" target=\"_blank\"><span style=\"color: #3366ff;\">Conf\u00e9rence Annuelle du FEMISE 2016<\/span><\/a> sur le th\u00e8me <strong>\u00ab Deux d\u00e9cennies apr\u00e8s Barcelone: Repenser le partenariat UE-Med \u00bb<\/strong>.<\/p>\n<p style=\"text-align: justify;\"><span style=\"color: #3366ff;\"><strong>On entend de plus en plus parler d\u2019un futur \u00ab\u00a0Accord de Libre Echange Complet et Approfondi\u00a0\u00bb (ALECA) entre la Tunisie et l\u2019UE\u00a0? De quoi s\u2019agit-il concr\u00e8tement\u00a0?<\/strong><\/span><\/p>\n<p style=\"text-align: justify;\">Il s\u2019agit tout simplement d\u2019un choix d\u2019int\u00e9gration plus profonde de l\u2019\u00e9conomie tunisienne dans l\u2019espace euro-m\u00e9diterran\u00e9en. Il a pour but de compl\u00e9ter et d\u2019approfondir la zone de libre \u00e9change pour les produits industriels qui a \u00e9t\u00e9 mise en place en 1995 avec l\u2019entr\u00e9e en vigueur de l\u2019accord d\u2019Association. L\u2019Accord d\u2019Association n\u2019a en effet consist\u00e9 qu\u2019\u00e0 r\u00e9duire, de fa\u00e7on unilat\u00e9rale, les droits de douane tunisiens sur les biens manufactur\u00e9s en provenance de l\u2019Union Europ\u00e9enne.<\/p>\n<p style=\"text-align: justify;\">L\u2019ALECA, en revanche, est un accord beaucoup plus ambitieux et beaucoup plus complexe, d\u2019une part parce qu\u2019il va concerner les droits de douane de deux secteurs sensibles, \u00e0 savoir les services et l\u2019agriculture et qu\u2019il va impliquer aussi des baisses de tarifs appliqu\u00e9s par l\u2019Union Europ\u00e9enne sur les produits agricoles en provenance de la Tunisie et, d\u2019autre part, parce que l\u2019ALECA va \u00e9galement concerner les obstacles non tarifaires et l\u2019harmonisation du syst\u00e8me r\u00e9glementaire vers l\u2019acquis communautaire.<\/p>\n<p style=\"text-align: justify;\"><span style=\"color: #3366ff;\"><strong>En quoi est ce que l\u2019ALECA peut contribuer \u00e0 l\u2019am\u00e9lioration de la situation \u00e9conomique et sociale de la Tunisie ?<\/strong><\/span><\/p>\n<p style=\"text-align: justify;\">L\u2019ALECA peut aider \u00e0 mieux positionner les produits tunisiens sur le march\u00e9 europ\u00e9en, en particulier dans l\u2019agriculture. Mais pour anticiper les effets et mieux d\u00e9finir les politiques d\u2019accompagnement \u00e0 mettre en \u0153uvre, il est n\u00e9cessaire de conduire des \u00e9tudes s\u00e9rieuses et correctement cibl\u00e9es selon les leviers utilis\u00e9s (tarifs et\/ou mesures non tarifaires et\/ou convergence r\u00e9glementaire) et les secteurs concern\u00e9s.<\/p>\n<p style=\"text-align: justify;\">Il est clair, en revanche, que les effets b\u00e9n\u00e9fiques de l\u2019ALECA seront conditionn\u00e9s par les r\u00e9formes et les changements qui seront men\u00e9s \u00e0 l\u2019int\u00e9rieur du pays. Ce serait une erreur de penser que l\u2019ALECA puisse \u00eatre le moteur du d\u00e9veloppement \u00e9conomique et social de la Tunisie.<\/p>\n<p style=\"text-align: justify;\">De plus, il est indispensable de ne pas n\u00e9gliger les questions sociales. On ne peut pas avoir d\u2019un c\u00f4t\u00e9, un syst\u00e8me \u201csophistiqu\u00e9\u201d de r\u00e8gles qui convergent vers l\u2019acquis communautaire et de l\u2019autre, avoir une partie de la population dont les conditions de vie ne s\u2019am\u00e9liorent pas. Il sera indispensable de prendre en compte les pr\u00e9occupations et les attentes du peuple tunisien.<strong><br \/>\n<\/strong><\/p>\n<p style=\"text-align: justify;\"><span style=\"color: #3366ff;\"><strong>Cet outil est-il adaptable \u00e0 tous les pays partenaires M\u00e9diterran\u00e9ens\u00a0?<\/strong><\/span><\/p>\n<p style=\"text-align: justify;\">L\u2019UE et le Maroc sont engag\u00e9s dans la n\u00e9gociation d\u2019un Accord de Libre Echange Complet et approfondi depuis mars 2013. L\u2019UE a entam\u00e9 des processus de pr\u00e9parations avec l\u2019Egypte et la Jordanie.<\/p>\n<p style=\"text-align: justify;\">L\u2019ALECA est typiquement un outil \u00e0 g\u00e9om\u00e9trie variable. Chaque pays peut en faire, th\u00e9oriquement, ce qu\u2019il veut et l\u2019adapter \u00e0 sa strat\u00e9gie de d\u00e9veloppement. La priorit\u00e9 est plut\u00f4t la n\u00e9cessit\u00e9 pour chaque pays d\u2019avoir une vision strat\u00e9gique claire et une bonne maitrise sur la fa\u00e7on de mobiliser l\u2019ALECA pour accompagner cette strat\u00e9gie avec une aide r\u00e9elle et cons\u00e9quente de l\u2019UE.<\/p>\n<p style=\"text-align: justify;\"><strong><span style=\"color: #3366ff;\">En quoi est ce que la conf\u00e9rence FEMISE 2016 peut contribuer au d\u00e9bat\u00a0?<\/span><br \/>\n<\/strong><\/p>\n<p style=\"text-align: justify;\"><a href=\"https:\/\/www.femise.org\/slideshow\/a-venir-conference-femise-2016\/\" target=\"_blank\">La conf\u00e9rence FEMISE 2016<\/a> permettra le partage de points de vues d&#8217;experts internationaux des deux rives de la M\u00e9diterran\u00e9e sur le nouveau paradigme \u00e0 suivre dans la r\u00e9gion. Les \u00e9l\u00e9ments du nouveau paradigme pourraient inclure l\u2019ALECA. Une session de la conf\u00e9rence sera consacr\u00e9e \u00e0 l&#8217;examen des dimensions d\u2019un tel accord, en vue d&#8217;articuler ses potentialit\u00e9s, ses contraintes et ses risques. Compte tenu du contexte actuel, les enjeux sont consid\u00e9rables et l\u2019UE ne peut y faire face en ne faisant que proposer la poursuite du d\u00e9mant\u00e8lement tarifaire de ces pays et une convergence r\u00e9glementaire. L\u2019engagement de l\u2019UE vis \u00e0 vis de cette r\u00e9gion m\u00e9rite d\u2019\u00eatre beaucoup plus ambitieux.<\/p>\n<p style=\"text-align: justify;\"><em>Interview by FEMISE staff<br \/>\n<\/em><\/p>\n","protected":false},"excerpt":{"rendered":"<p>ENTRETIEN Patricia AUGIER, Pr\u00e9sidente du Comit\u00e9 Scientifique et Coordonnatrice du [&hellip;]<\/p>\n","protected":false},"author":7,"featured_media":12861,"comment_status":"closed","ping_status":"open","sticky":false,"template":"","format":"standard","meta":{"_mi_skip_tracking":false,"_exactmetrics_sitenote_active":false,"_exactmetrics_sitenote_note":"","_exactmetrics_sitenote_category":0},"categories":[15,4],"tags":[],"acf":[],"_links":{"self":[{"href":"https:\/\/www.femise.org\/en\/wp-json\/wp\/v2\/posts\/12860"}],"collection":[{"href":"https:\/\/www.femise.org\/en\/wp-json\/wp\/v2\/posts"}],"about":[{"href":"https:\/\/www.femise.org\/en\/wp-json\/wp\/v2\/types\/post"}],"author":[{"embeddable":true,"href":"https:\/\/www.femise.org\/en\/wp-json\/wp\/v2\/users\/7"}],"replies":[{"embeddable":true,"href":"https:\/\/www.femise.org\/en\/wp-json\/wp\/v2\/comments?post=12860"}],"version-history":[{"count":4,"href":"https:\/\/www.femise.org\/en\/wp-json\/wp\/v2\/posts\/12860\/revisions"}],"predecessor-version":[{"id":12868,"href":"https:\/\/www.femise.org\/en\/wp-json\/wp\/v2\/posts\/12860\/revisions\/12868"}],"wp:featuredmedia":[{"embeddable":true,"href":"https:\/\/www.femise.org\/en\/wp-json\/wp\/v2\/media\/12861"}],"wp:attachment":[{"href":"https:\/\/www.femise.org\/en\/wp-json\/wp\/v2\/media?parent=12860"}],"wp:term":[{"taxonomy":"category","embeddable":true,"href":"https:\/\/www.femise.org\/en\/wp-json\/wp\/v2\/categories?post=12860"},{"taxonomy":"post_tag","embeddable":true,"href":"https:\/\/www.femise.org\/en\/wp-json\/wp\/v2\/tags?post=12860"}],"curies":[{"name":"wp","href":"https:\/\/api.w.org\/{rel}","templated":true}]}}